

{"id":137,"date":"2022-09-06T12:54:25","date_gmt":"2022-09-06T09:54:25","guid":{"rendered":"https:\/\/project-emerald.eu\/?p=137"},"modified":"2023-11-28T14:21:19","modified_gmt":"2023-11-28T12:21:19","slug":"scoala-internationala-de-vara-emerald-printarea-3d-in-domeniul-bio-mecatronic","status":"publish","type":"post","link":"https:\/\/project-emerald.eu\/?p=137&lang=ro","title":{"rendered":"\u0218coala interna\u021bional\u0103 de var\u0103 EMERALD \u201ePrintarea 3D \u00een domeniul bio-mecatronic\u201d"},"content":{"rendered":"\n<p>V\u0103 mul\u021bumim tuturor pentru participarea la prima edi\u021bie a \u0218colii Interna\u021bionale de Var\u0103 EMERALD, care a avut loc la Universitatea din Agder (Norvegia) \u00een perioada 12-23 septembrie 2022.<\/p>\n\n\n\n<div class=\"wp-block-file\"><a id=\"wp-block-file--media-4ca073e0-2d62-4fdf-af20-8b0701df38d0\" href=\"https:\/\/project-emerald.eu\/wp-content\/uploads\/2023\/02\/EMERALD-Final-Report_summer-school-2022-activity-report_romana.pdf\">Pentru mai multe detalii privind Raportul final referitor la edi\u021bia 2022 a \u0219colii interna\u021bionale de vara EMERALD<\/a><a href=\"https:\/\/project-emerald.eu\/wp-content\/uploads\/2023\/02\/EMERALD-Final-Report_summer-school-2022-activity-report_romana.pdf\" class=\"wp-block-file__button wp-element-button\" download aria-describedby=\"wp-block-file--media-4ca073e0-2d62-4fdf-af20-8b0701df38d0\">Descarc\u0103<\/a><\/div>\n\n\n\n<p>Pentru o imagine de ansamblu c\u00e2t mai cuprinz\u0103toare a activit\u0103\u021bilor desf\u0103\u0219urate \u00een cadrul edi\u021biei 2022 a \u0219colii interna\u021bionale de var\u0103 EMERALD (privire retrospectiv\u0103), pute\u021bi desc\u0103rca fi\u0219ierul de mai jos:<\/p>\n\n\n\n<div class=\"wp-block-file\"><a id=\"wp-block-file--media-24fd047b-efd0-4d21-a8d6-f74a64ed1701\" href=\"https:\/\/project-emerald.eu\/wp-content\/uploads\/2023\/02\/EMERALD_retrospective_presentation-SS2022_compressed-1.pdf\">Retrospectiva edi\u021biei 2022 a \u0219colii de var\u0103 EMERALD (prezentare \u00een limba englez\u0103)<\/a><a href=\"https:\/\/project-emerald.eu\/wp-content\/uploads\/2023\/02\/EMERALD_retrospective_presentation-SS2022_compressed-1.pdf\" class=\"wp-block-file__button wp-element-button\" download aria-describedby=\"wp-block-file--media-24fd047b-efd0-4d21-a8d6-f74a64ed1701\">Descarc\u0103<\/a><\/div>\n\n\n\n<hr class=\"wp-block-separator has-alpha-channel-opacity\"\/>\n\n\n<div class=\"wp-block-image\">\n<figure class=\"aligncenter size-large\"><img loading=\"lazy\" decoding=\"async\" width=\"791\" height=\"1024\" src=\"https:\/\/project-emerald.eu\/wp-content\/uploads\/2022\/09\/EMERALD-SS-flyer-1-791x1024.jpg\" alt=\"\" class=\"wp-image-138\" srcset=\"https:\/\/project-emerald.eu\/wp-content\/uploads\/2022\/09\/EMERALD-SS-flyer-1-791x1024.jpg 791w, https:\/\/project-emerald.eu\/wp-content\/uploads\/2022\/09\/EMERALD-SS-flyer-1-232x300.jpg 232w, https:\/\/project-emerald.eu\/wp-content\/uploads\/2022\/09\/EMERALD-SS-flyer-1-768x994.jpg 768w, https:\/\/project-emerald.eu\/wp-content\/uploads\/2022\/09\/EMERALD-SS-flyer-1-1187x1536.jpg 1187w, https:\/\/project-emerald.eu\/wp-content\/uploads\/2022\/09\/EMERALD-SS-flyer-1-1583x2048.jpg 1583w, https:\/\/project-emerald.eu\/wp-content\/uploads\/2022\/09\/EMERALD-SS-flyer-1.jpg 1700w\" sizes=\"auto, (max-width: 791px) 100vw, 791px\" \/><\/figure>\n<\/div>\n\n\n<p>\u0218coala interna\u021bional\u0103 de var\u0103 EMERALD &nbsp;intitulat\u0103: \u201ePrintarea 3D \u00een domeniul bio-mecatronic\u201d este organizat\u0103 la Universitatea din Agder (Norvegia) \u00een cadrul proiectului EMERALD 21-COP-0019 de c\u0103tre exper\u021bii consor\u021biului EMERALD care provin din diferite universit\u0103\u021bi tehnice europene (Universitatea Tehnic\u0103 din Cluj-Napoca (Rom\u00e2nia), Universitatea Tehnic\u0103 din Poznan (Polonia), Universitatea Politehnica din Bucure\u0219ti (Rom\u00e2nia), Universitatea din Agder (Norvegia) \u0219i o companie privat\u0103 (BIZZCOM s.r.o. din Slovacia).<\/p>\n\n\n\n<p>\u0218coala interna\u0163ional\u0103 de var\u0103 EMERALD este organizat\u0103 \u0219i se adreseaz\u0103 studen\u021bilor \u0219i profesorilor care provin din institu\u0163iile universitare din UE \u0219i \u021b\u0103ri din afara UE. Locurile nu sunt limitate doar pentru institu\u0163iile partenere ale consor\u021biului EMERALD; orice student, om de \u0219tiin\u021b\u0103, cercet\u0103tor sau profesor este mai mult dec\u00e2t binevenit s\u0103 aplice la edi\u021bia din acest an a \u015fcolii Interna\u0163ionale de var\u0103 EMERALD. Activit\u0103\u021bile acestui eveniment care este organizat \u00een regim \u201egratuit\u201d sunt programate s\u0103 se desf\u0103\u015foare cu prezen\u021b\u0103 fizic\u0103 la Universitatea din Agder (Grimstad &#8211; Norvegia) \u00een perioada 12-23.09.2022.<\/p>\n\n\n\n<h3 class=\"wp-block-heading\"><strong>Scopul principal al \u015fcolii Interna\u0163ionale de var\u0103 EMERALD edi\u0163ia 2022<\/strong><\/h3>\n\n\n\n<p>Scopul principal al \u015fcolii Interna\u0163ionale de var\u0103 EMERALD este de a reuni \u00eempreun\u0103 profesori, studen\u021bi, organiza\u021bii \u0219i institu\u0163ii industriale \u0219i medicale pentru a \u00eemp\u0103rt\u0103\u0219i cuno\u0219tin\u021bele \u0219i exemplele de bun\u0103 practic\u0103, precum \u0219i expertiza \u00een dezvoltarea, producerea \u0219i testarea sistemelor bio-mecatronice care urmeaz\u0103 s\u0103 fie realizate pentru persoanele cu nevoi speciale (bra\u021be amputate) folosind metode moderne de fabrica\u021bie, cum sunt tehnologiile de printare 3D.<\/p>\n\n\n\n<h3 class=\"wp-block-heading\"><strong>Con\u0163inutul \u015ecolii Interna\u0163ionale de var\u0103 EMERALD<\/strong><\/h3>\n\n\n\n<p>\u0218coala Interna\u0163ional\u0103 de var\u0103 EMERALD \u00ee\u0219i propune s\u0103 fie foarte dinamic\u0103 \u0219i interactiv\u0103 pentru studen\u021bii \u0219i profesorii care vor fi implica\u021bi \u00een activit\u0103\u021bile care sunt programate s\u0103 fie organizate \u00een aceste dou\u0103 s\u0103pt\u0103m\u00e2ni.<\/p>\n\n\n\n<p>Principiile de baz\u0103 ale Proiect\u0103rii Asistate de Calculator, Analizei cu Elemente Finite, Tehnologiilor de Printare 3D \u0219i de realizare a matri\u0163elor flexibile, Metodelor de testare mecanic\u0103 \u0219i medical\u0103, Materiale inteligente, Senzori \u0219i sisteme electronice, precum \u0219i cele de Programare asistat\u0103 de calculator combinat\u0103 cu metodele moderne de Realitate Virtual\u0103 \/ Realitate Augmentat\u0103 vor fi asigurate \u00een cadrul \u0218colii interna\u021bionale de var\u0103 EMERALD de c\u0103tre profesorii implica\u021bi \u00een organizarea acestui eveniment (edi\u021bia 2022). O scurt\u0103 prezentare a \u0219colii Interna\u0163ionale de var\u0103 EMERALD edi\u021bia 2022 poate fi g\u0103sit\u0103 aici:<\/p>\n\n\n\n<div class=\"wp-block-file\"><a id=\"wp-block-file--media-9c9dadb5-30f5-4a0a-a49f-2b07ed04ba78\" href=\"https:\/\/project-emerald.eu\/wp-content\/uploads\/2023\/11\/Agenda_EMERALD-summer-school-2022_2.pdf\" target=\"_blank\" rel=\"noreferrer noopener\">\u0218coala de var\u0103 EMERALD 2022<\/a><a href=\"https:\/\/project-emerald.eu\/wp-content\/uploads\/2023\/11\/Agenda_EMERALD-summer-school-2022_2.pdf\" class=\"wp-block-file__button wp-element-button\" download aria-describedby=\"wp-block-file--media-9c9dadb5-30f5-4a0a-a49f-2b07ed04ba78\">Download<\/a><\/div>\n\n\n\n<hr class=\"wp-block-separator has-alpha-channel-opacity\"\/>\n\n\n\n<h3 class=\"wp-block-heading\"><strong>Cine poate aplica pentru participarea la \u015fcoala interna\u0163ional\u0103 de var\u0103 EMERALD?<\/strong><\/h3>\n\n\n\n<p>Profesori<\/p>\n\n\n\n<p>Studen\u0163i la nivel de ciclu de licen\u0163\u0103<\/p>\n\n\n\n<p>Studen\u0163i masteranzi \u015fi studen\u0163i doctoranzi<\/p>\n\n\n\n<p><strong>Specializ\u0103ri eligibile sunt urm\u0103toarele<\/strong>: Ingineria Fabrica\u0163iei, Mecatronic\u0103 \u015fi Robotic\u0103, Inginerie mecanic\u0103, Bio-inginerie mecanic\u0103, Bio-mecatronic\u0103, \u015etiin\u0163a \u015fi Ingineria Materialelor, Automatic\u0103 \u015fi Calculatoare<\/p>\n\n\n\n<p>Nivelul limbii engleze recomandat este B2<\/p>\n\n\n\n<h3 class=\"wp-block-heading\"><strong>Cum se poate aplica pentru a participa la \u015fcoala interna\u0163ional\u0103 de var\u0103 EMERALD?<\/strong><\/h3>\n\n\n\n<p>Pentru a aplica la \u0218coala interna\u021bional\u0103 de var\u0103 EMERALD este suficient s\u0103 completa\u021bi <strong><a href=\"https:\/\/forms.gle\/33fbLwNaQ7ReLpwW9\" target=\"_blank\" rel=\"noreferrer noopener\">formularul de participare<\/a> <\/strong>cu toate datele solicitate, dar nu mai t\u00e2rziu de 9 septembrie 2022.<\/p>\n\n\n\n<h3 class=\"wp-block-heading\"><strong>Care sunt principalele beneficii ale particip\u0103rii la \u015ecoala interna\u0163ional\u0103 de var\u0103 EMERALD?<\/strong><\/h3>\n\n\n\n<p>To\u021bi participan\u021bii vor primi certificat de participare la \u0218coala interna\u021bional\u0103 de var\u0103 EMERALD<\/p>\n\n\n\n<p>Activitatea practic\u0103 prev\u0103zut\u0103 \u00een programa \u015fcolar\u0103 a studen\u0163ilor pentru perioada de var\u0103 va fi recunoscut\u0103 de c\u0103tre institu\u0163iile partenere din cadrul consor\u0163iului proiectului EMERALD.<\/p>\n\n\n\n<p>Posibilitatea de a lucra \u00een cadrul diferitelor teme legate de tehnologiile de imprimare 3D \/ bio-mecatronic\u0103 \/ aplica\u021bii medicale pentru proiecte de diplom\u0103 \/ lucr\u0103ri de diserta\u0163ie \/ teze de doctorat \u00een regim de mentorat \/ co-mentorat va fi asigurat\u0103 de exper\u021bii consor\u021biului EMERALD pentru to\u021bi participan\u021bii la \u0218coala interna\u021bional\u0103 de var\u0103 EMERALD care au inten\u021bia s\u0103 \u00ee\u015fi continuie activitatea \u00een acest domeniu \u00een urm\u0103torii ani.<\/p>\n\n\n\n<div class=\"wp-block-file\"><a id=\"wp-block-file--media-1579bde5-eb02-480e-af5f-9f5623b4a275\" href=\"https:\/\/project-emerald.eu\/wp-content\/uploads\/2023\/02\/EMERALD-SS-flyer-1.pdf\">Pute\u021bi desc\u0103rca \u0219i distribui anun\u021bul legat de \u015ecoala interna\u0163ional\u0103 de var\u0103 EMERALD 2022 colegilor dvs. de aici<\/a><a href=\"https:\/\/project-emerald.eu\/wp-content\/uploads\/2023\/02\/EMERALD-SS-flyer-1.pdf\" class=\"wp-block-file__button wp-element-button\" download aria-describedby=\"wp-block-file--media-1579bde5-eb02-480e-af5f-9f5623b4a275\">Descarc\u0103<\/a><\/div>\n\n\n\n<div class=\"wp-block-file\"><a id=\"wp-block-file--media-9c9dadb5-30f5-4a0a-a49f-2b07ed04ba78\" href=\"https:\/\/project-emerald.eu\/wp-content\/uploads\/2023\/11\/Agenda_EMERALD-summer-school-2022_2.pdf\" target=\"_blank\" rel=\"noreferrer noopener\">Pute\u021bi desc\u0103rca programul \u0219colii interna\u021bionale de var\u0103 EMERALD <strong>de aici<\/strong><\/a><a href=\"https:\/\/project-emerald.eu\/wp-content\/uploads\/2023\/11\/Agenda_EMERALD-summer-school-2022_2.pdf\" class=\"wp-block-file__button wp-element-button\" download aria-describedby=\"wp-block-file--media-9c9dadb5-30f5-4a0a-a49f-2b07ed04ba78\">Download<\/a><\/div>\n\n\n\n<h3 class=\"wp-block-heading\"><strong>Loca\u021bia institu\u0163iei care g\u0103zduie\u0219te evenimentul edi\u021biei \u015ecolii interna\u0163ionale de var\u0103 EMERALD 2022<\/strong><\/h3>\n\n\n\n<p><strong>Universitatea din Agder (Grimstad &#8211; Norvegia)<\/strong><\/p>\n\n\n\n\n\t\t\t\t<div id=\"map_ol3js_1\" class=\"map undefined\" data-map_name=\"undefined\" data-map=\"map_ol3js_1\" style=\"width:95%; max-width:100%; height:450px; display:block; overflow:hidden;border:2px solid grey;\" >\n\t\t\t\t  <div id=\"map_ol3js_1_popup\" class=\"ol-popup\" >\n\t\t\t\t\t<a href=\"#\" id=\"map_ol3js_1_popup-closer\" class=\"ol-popup-closer\"><\/a>\n\t\t\t\t\t<div id=\"map_ol3js_1_popup-content\" ><\/div>\n\t\t\t\t  <\/div>\n\t\t\t\t<\/div>\n\t\t\t\n\n\t\t\t\t<script type=\"text\/javascript\">\n\t\t\t\t\ttranslations['openlayer'] = \"open layer\";\n\t\t\t\t\ttranslations['openlayerAtStartup'] = \"open layer at startup\";\n\t\t\t\t\ttranslations['generateLink'] = \"link to this map with opened layers\";\n\t\t\t\t\ttranslations['shortDescription'] = \"short description\";\n\t\t\t\t\ttranslations['generatedShortCode'] = \"to get a text control link paste this code in your wordpress editor\";\n\t\t\t\t\ttranslations['closeLayer'] = \"close layer\";\n\t\t\t\t\ttranslations['cantGenerateLink'] = \"put this string in the existing map short code to control this map\";\n\t\t\t  <\/script>\n\n\n\t\t\t  <script type=\"text\/javascript\">\n\t\t\t  vectorM['map_ol3js_1'] = [];\n\t        \n        var raster = getTileLayer(\"osm\",\"NoKey\");\t\t\t\n\n\t\t\t  var map_ol3js_1 = new ol.Map({\n\t\t\t\tinteractions: ol.interaction.defaults.defaults({mouseWheelZoom:false}),\n\t\t\t\tlayers: [raster],\n\t\t\t\ttarget: \"map_ol3js_1\",\n\t\t\t\tview: new ol.View({\n\t\t\t\t  center: ol.proj.transform([8.5771,58.3350], \"EPSG:4326\", \"EPSG:3857\"),\n\t\t\t\t  zoom: 15.0\n\t\t\t\t})\n\t\t\t  });\n\t\t\t  osm_addMarkerLayer(map_ol3js_1,8.5774,58.3341,\"https:\/\/project-emerald.eu\/wp-content\/plugins\/osm\/icons\/mic_black_highschool_10.png\",-16,-41,\"<p>University of Agder - Grimstad (Norway)<\/p>\") ; \naddControls2Map(map_ol3js_1,1,1,3,1,5,6,7,1,1);\nosm_addPopupClickhandler(map_ol3js_1,  \"map_ol3js_1\"); \nosm_addMouseHover(map_ol3js_1); <\/script>\n\n\n\n<p>Participan\u021bii la \u015fcoala Interna\u0163ional\u0103 de var\u0103 EMERALD 2022 sunt ruga\u021bi s\u0103 caute cazare privat\u0103 prin intermediul aplica\u0163iilor Booking, AirBnb \u00een Grimstad (Norvegia) etc.<\/p>\n\n\n\n<p>Pentru mai multe \u00eentreb\u0103ri, nel\u0103muriri sau informa\u021bii suplimentare legate de \u015ecoala Interna\u0163ional\u0103 de var\u0103 EMERALD 2022 v\u0103 rug\u0103m s\u0103 ne contacta\u021bi folosind urm\u0103torul formular:<\/p>\n\n\n\n<p>V\u0103 mul\u021bumim \u0219i a\u0219tept\u0103m cu drag s\u0103 v\u0103 \u00eent\u00e2lnim la edi\u021bia \u015ecolii interna\u0163ionale de var\u0103 EMERALD 2022 organizat\u0103 la Universitatea din Agder (Grimstad &#8211; Norvegia) \u00een cur\u00e2nd!<\/p>\n\n\n\n<p>Cu mul\u0163umiri,<\/p>\n\n\n\n<p>Echipa de organizare a \u015ecolii interna\u0163ionale de var\u0103 EMERALD 2022!<\/p>\n","protected":false},"excerpt":{"rendered":"<p>V\u0103 mul\u021bumim tuturor pentru participarea la prima edi\u021bie a \u0218colii Interna\u021bionale de Var\u0103 EMERALD, care a avut loc la Universitatea din Agder (Norvegia) \u00een perioada 12-23 septembrie 2022. Pentru o &#8230;<\/p>\n","protected":false},"author":3,"featured_media":203,"comment_status":"open","ping_status":"open","sticky":false,"template":"","format":"standard","meta":{"footnotes":""},"categories":[17,25],"tags":[],"class_list":["post-137","post","type-post","status-publish","format-standard","has-post-thumbnail","hentry","category-evenimente","category-inv-pred-form"],"_links":{"self":[{"href":"https:\/\/project-emerald.eu\/index.php?rest_route=\/wp\/v2\/posts\/137","targetHints":{"allow":["GET"]}}],"collection":[{"href":"https:\/\/project-emerald.eu\/index.php?rest_route=\/wp\/v2\/posts"}],"about":[{"href":"https:\/\/project-emerald.eu\/index.php?rest_route=\/wp\/v2\/types\/post"}],"author":[{"embeddable":true,"href":"https:\/\/project-emerald.eu\/index.php?rest_route=\/wp\/v2\/users\/3"}],"replies":[{"embeddable":true,"href":"https:\/\/project-emerald.eu\/index.php?rest_route=%2Fwp%2Fv2%2Fcomments&post=137"}],"version-history":[{"count":9,"href":"https:\/\/project-emerald.eu\/index.php?rest_route=\/wp\/v2\/posts\/137\/revisions"}],"predecessor-version":[{"id":610,"href":"https:\/\/project-emerald.eu\/index.php?rest_route=\/wp\/v2\/posts\/137\/revisions\/610"}],"wp:featuredmedia":[{"embeddable":true,"href":"https:\/\/project-emerald.eu\/index.php?rest_route=\/wp\/v2\/media\/203"}],"wp:attachment":[{"href":"https:\/\/project-emerald.eu\/index.php?rest_route=%2Fwp%2Fv2%2Fmedia&parent=137"}],"wp:term":[{"taxonomy":"category","embeddable":true,"href":"https:\/\/project-emerald.eu\/index.php?rest_route=%2Fwp%2Fv2%2Fcategories&post=137"},{"taxonomy":"post_tag","embeddable":true,"href":"https:\/\/project-emerald.eu\/index.php?rest_route=%2Fwp%2Fv2%2Ftags&post=137"}],"curies":[{"name":"wp","href":"https:\/\/api.w.org\/{rel}","templated":true}]}}