{"id":393,"date":"2023-06-12T12:50:42","date_gmt":"2023-06-12T09:50:42","guid":{"rendered":"https:\/\/project-emerald.eu\/?p=393"},"modified":"2023-12-05T01:47:01","modified_gmt":"2023-12-04T23:47:01","slug":"eveniment-de-formare-a-personalului-imprimare-3d-si-biomecatronica-bucany-slovacia-8-11-mai-2023","status":"publish","type":"post","link":"https:\/\/project-emerald.eu\/?p=393&lang=ro","title":{"rendered":"Eveniment de formare a personalului &#8211; Imprimare 3D \u0219i Biomecatronic\u0103, Bucany, Slovacia, 8-11 mai 2023"},"content":{"rendered":"\n<p>Evenimentele comune de formare a personalului pe termen scurt \u2013 imprimare 3D \u0219i bio-mecatronic\u0103 ale proiectului \u201eEMERALD &#8211; Re\u021beaua european\u0103 de imprimare 3D a sistemelor mecatronice biomimetice\u201d, parteneriat strategic 21-COP-0019, au avut loc \u00een perioada 8 \u2013 11 mai 2023 evenimentul fiind g\u0103zduit de compania BIZZCOM, \u00een Bucany, Slovacia. Activit\u0103\u021bile organizate s-au concentrat pe utilizarea \u0219i testarea func\u021bionalit\u0103\u021bii platformei e-virtual laboratory (e-learing) dezvoltat\u0103 de consor\u021biul EMERALD pentru activit\u0103\u021bi didactice legate de sisteme mecatronice prin imprimare 3D.<\/p>\n\n\n\n<div class=\"wp-block-file\"><a id=\"wp-block-file--media-566e50a2-c7c3-4e3e-92be-cdab4116d2f8\" href=\"https:\/\/project-emerald.eu\/wp-content\/uploads\/2023\/11\/Agenda-Bucany_2.pdf\" target=\"_blank\" rel=\"noreferrer noopener\">Agenda<\/a><a href=\"https:\/\/project-emerald.eu\/wp-content\/uploads\/2023\/11\/Agenda-Bucany_2.pdf\" class=\"wp-block-file__button wp-element-button\" download aria-describedby=\"wp-block-file--media-566e50a2-c7c3-4e3e-92be-cdab4116d2f8\">Download<\/a><\/div>\n\n\n\n<div class=\"wp-block-file\"><a id=\"wp-block-file--media-38a5fc28-d8c8-4d09-b1b9-6400b1aaab6a\" href=\"https:\/\/project-emerald.eu\/wp-content\/uploads\/2023\/12\/Report_staff-for-training_Bucany-2023_ro.pdf\" target=\"_blank\" rel=\"noreferrer noopener\">Raport<\/a><a href=\"https:\/\/project-emerald.eu\/wp-content\/uploads\/2023\/12\/Report_staff-for-training_Bucany-2023_ro.pdf\" class=\"wp-block-file__button wp-element-button\" download aria-describedby=\"wp-block-file--media-38a5fc28-d8c8-4d09-b1b9-6400b1aaab6a\">Download<\/a><\/div>\n\n\n<div class=\"wp-block-image is-resized\">\n<figure class=\"aligncenter size-large\"><img loading=\"lazy\" decoding=\"async\" width=\"1024\" height=\"591\" src=\"https:\/\/project-emerald.eu\/wp-content\/uploads\/2023\/06\/StaffTrainingBIZZ-1024x591.png\" alt=\"\" class=\"wp-image-372\" srcset=\"https:\/\/project-emerald.eu\/wp-content\/uploads\/2023\/06\/StaffTrainingBIZZ-1024x591.png 1024w, https:\/\/project-emerald.eu\/wp-content\/uploads\/2023\/06\/StaffTrainingBIZZ-300x173.png 300w, https:\/\/project-emerald.eu\/wp-content\/uploads\/2023\/06\/StaffTrainingBIZZ-768x443.png 768w, https:\/\/project-emerald.eu\/wp-content\/uploads\/2023\/06\/StaffTrainingBIZZ.png 1067w\" sizes=\"auto, (max-width: 1024px) 100vw, 1024px\" \/><\/figure>\n<\/div>\n\n<div class=\"wp-block-image\">\n<figure class=\"aligncenter size-large\"><img loading=\"lazy\" decoding=\"async\" width=\"724\" height=\"1024\" src=\"https:\/\/project-emerald.eu\/wp-content\/uploads\/2023\/06\/Flyer_EMERALD-STAFF-TRAINING-Bucany-Slovakia_small-724x1024.jpg\" alt=\"\" class=\"wp-image-371\" srcset=\"https:\/\/project-emerald.eu\/wp-content\/uploads\/2023\/06\/Flyer_EMERALD-STAFF-TRAINING-Bucany-Slovakia_small-724x1024.jpg 724w, https:\/\/project-emerald.eu\/wp-content\/uploads\/2023\/06\/Flyer_EMERALD-STAFF-TRAINING-Bucany-Slovakia_small-212x300.jpg 212w, https:\/\/project-emerald.eu\/wp-content\/uploads\/2023\/06\/Flyer_EMERALD-STAFF-TRAINING-Bucany-Slovakia_small-768x1087.jpg 768w, https:\/\/project-emerald.eu\/wp-content\/uploads\/2023\/06\/Flyer_EMERALD-STAFF-TRAINING-Bucany-Slovakia_small.jpg 1080w\" sizes=\"auto, (max-width: 724px) 100vw, 724px\" \/><\/figure>\n<\/div>","protected":false},"excerpt":{"rendered":"<p>Evenimentele comune de formare a personalului pe termen scurt \u2013 imprimare 3D \u0219i bio-mecatronic\u0103 ale proiectului \u201eEMERALD &#8211; Re\u021beaua european\u0103 de imprimare 3D a sistemelor mecatronice biomimetice\u201d, parteneriat strategic 21-COP-0019, &#8230;<\/p>\n","protected":false},"author":1,"featured_media":372,"comment_status":"open","ping_status":"open","sticky":false,"template":"","format":"standard","meta":{"footnotes":""},"categories":[17,25],"tags":[],"class_list":["post-393","post","type-post","status-publish","format-standard","has-post-thumbnail","hentry","category-evenimente","category-inv-pred-form"],"_links":{"self":[{"href":"https:\/\/project-emerald.eu\/index.php?rest_route=\/wp\/v2\/posts\/393","targetHints":{"allow":["GET"]}}],"collection":[{"href":"https:\/\/project-emerald.eu\/index.php?rest_route=\/wp\/v2\/posts"}],"about":[{"href":"https:\/\/project-emerald.eu\/index.php?rest_route=\/wp\/v2\/types\/post"}],"author":[{"embeddable":true,"href":"https:\/\/project-emerald.eu\/index.php?rest_route=\/wp\/v2\/users\/1"}],"replies":[{"embeddable":true,"href":"https:\/\/project-emerald.eu\/index.php?rest_route=%2Fwp%2Fv2%2Fcomments&post=393"}],"version-history":[{"count":6,"href":"https:\/\/project-emerald.eu\/index.php?rest_route=\/wp\/v2\/posts\/393\/revisions"}],"predecessor-version":[{"id":802,"href":"https:\/\/project-emerald.eu\/index.php?rest_route=\/wp\/v2\/posts\/393\/revisions\/802"}],"wp:featuredmedia":[{"embeddable":true,"href":"https:\/\/project-emerald.eu\/index.php?rest_route=\/wp\/v2\/media\/372"}],"wp:attachment":[{"href":"https:\/\/project-emerald.eu\/index.php?rest_route=%2Fwp%2Fv2%2Fmedia&parent=393"}],"wp:term":[{"taxonomy":"category","embeddable":true,"href":"https:\/\/project-emerald.eu\/index.php?rest_route=%2Fwp%2Fv2%2Fcategories&post=393"},{"taxonomy":"post_tag","embeddable":true,"href":"https:\/\/project-emerald.eu\/index.php?rest_route=%2Fwp%2Fv2%2Ftags&post=393"}],"curies":[{"name":"wp","href":"https:\/\/api.w.org\/{rel}","templated":true}]}}